{"id":4543,"date":"2024-10-18T09:27:01","date_gmt":"2024-10-18T09:27:01","guid":{"rendered":"https:\/\/kadinveadaletzirvesi.org\/?p=4543"},"modified":"2024-11-07T07:35:11","modified_gmt":"2024-11-07T07:35:11","slug":"elena-estavillo","status":"publish","type":"post","link":"https:\/\/kadinveadaletzirvesi.org\/en\/elena-estavillo\/","title":{"rendered":"Elena Estavillo"},"content":{"rendered":"<div class=\"fusion-fullwidth fullwidth-box fusion-builder-row-1 fusion-flex-container has-pattern-background has-mask-background nonhundred-percent-fullwidth non-hundred-percent-height-scrolling\" style=\"--awb-border-radius-top-left:0px;--awb-border-radius-top-right:0px;--awb-border-radius-bottom-right:0px;--awb-border-radius-bottom-left:0px;--awb-padding-top:80px;--awb-padding-bottom:110px;--awb-background-color:var(--awb-color2);--awb-flex-wrap:wrap;\" ><div class=\"fusion-builder-row fusion-row fusion-flex-align-items-flex-start fusion-flex-content-wrap\" style=\"max-width:1248px;margin-left: calc(-4% \/ 2 );margin-right: calc(-4% \/ 2 );\"><div class=\"fusion-layout-column fusion_builder_column fusion-builder-column-0 fusion_builder_column_1_4 1_4 fusion-flex-column\" style=\"--awb-bg-size:cover;--awb-width-large:25%;--awb-margin-top-large:0px;--awb-spacing-right-large:7.68%;--awb-margin-bottom-large:20px;--awb-spacing-left-large:7.68%;--awb-width-medium:25%;--awb-order-medium:0;--awb-spacing-right-medium:7.68%;--awb-spacing-left-medium:7.68%;--awb-width-small:100%;--awb-order-small:0;--awb-spacing-right-small:1.92%;--awb-spacing-left-small:1.92%;\"><div class=\"fusion-column-wrapper fusion-column-has-shadow fusion-flex-justify-content-flex-start fusion-content-layout-column\"><div class=\"fusion-image-element \" style=\"--awb-caption-title-font-family:var(--h2_typography-font-family);--awb-caption-title-font-weight:var(--h2_typography-font-weight);--awb-caption-title-font-style:var(--h2_typography-font-style);--awb-caption-title-size:var(--h2_typography-font-size);--awb-caption-title-transform:var(--h2_typography-text-transform);--awb-caption-title-line-height:var(--h2_typography-line-height);--awb-caption-title-letter-spacing:var(--h2_typography-letter-spacing);\"><span class=\" fusion-imageframe imageframe-none imageframe-1 hover-type-none\" style=\"border:7px solid var(--awb-color4);border-radius:50%;\"><img decoding=\"async\" width=\"400\" height=\"400\" title=\"yapay_zeka_konusmacilar_elena_estavillo\" src=\"https:\/\/kadinveadaletzirvesi.org\/wp-content\/uploads\/2024\/10\/yapay_zeka_konusmacilar_elena_estavillo.jpg\" data-orig-src=\"https:\/\/kadinveadaletzirvesi.org\/wp-content\/uploads\/2024\/10\/yapay_zeka_konusmacilar_elena_estavillo.jpg\" alt class=\"lazyload img-responsive wp-image-4257\" srcset=\"data:image\/svg+xml,%3Csvg%20xmlns%3D%27http%3A%2F%2Fwww.w3.org%2F2000%2Fsvg%27%20width%3D%27400%27%20height%3D%27400%27%20viewBox%3D%270%200%20400%20400%27%3E%3Crect%20width%3D%27400%27%20height%3D%27400%27%20fill-opacity%3D%220%22%2F%3E%3C%2Fsvg%3E\" data-srcset=\"https:\/\/kadinveadaletzirvesi.org\/wp-content\/uploads\/2024\/10\/yapay_zeka_konusmacilar_elena_estavillo-200x200.jpg 200w, https:\/\/kadinveadaletzirvesi.org\/wp-content\/uploads\/2024\/10\/yapay_zeka_konusmacilar_elena_estavillo.jpg 400w\" data-sizes=\"auto\" data-orig-sizes=\"(max-width: 640px) 100vw, 400px\" \/><\/span><\/div><\/div><\/div><div class=\"fusion-layout-column fusion_builder_column fusion-builder-column-1 fusion_builder_column_3_4 3_4 fusion-flex-column\" style=\"--awb-bg-size:cover;--awb-width-large:75%;--awb-margin-top-large:0px;--awb-spacing-right-large:2.56%;--awb-margin-bottom-large:20px;--awb-spacing-left-large:2.56%;--awb-width-medium:75%;--awb-order-medium:0;--awb-spacing-right-medium:2.56%;--awb-spacing-left-medium:2.56%;--awb-width-small:100%;--awb-order-small:0;--awb-spacing-right-small:1.92%;--awb-spacing-left-small:1.92%;\"><div class=\"fusion-column-wrapper fusion-column-has-shadow fusion-flex-justify-content-flex-start fusion-content-layout-column\"><div class=\"fusion-title title fusion-title-1 fusion-sep-none fusion-title-text fusion-title-size-one\" style=\"--awb-text-color:var(--awb-custom_color_1);\"><h1 class=\"fusion-title-heading title-heading-left fusion-responsive-typography-calculated\" style=\"margin:0;--fontSize:42;line-height:var(--awb-typography1-line-height);\">Dr. Elena Estavillo<\/h1><\/div><div class=\"fusion-text fusion-text-1\" style=\"--awb-font-size:22px;--awb-text-color:var(--awb-custom_color_2);\"><p><span style=\"color: var(--awb-text-color); font-family: var(--awb-text-font-family); font-size: var(--awb-font-size); font-weight: var(--awb-text-font-weight); letter-spacing: var(--awb-letter-spacing); text-align: var(--awb-content-alignment); text-transform: var(--awb-text-transform); background-color: var(--awb-bg-color-hover);\"><i><span style=\"color: var(--awb-custom_color_1);\">Entrepreneur, CEO, Centro-i and Member of UNESCO\u2019s Women for Ethical AI Steering Committe (Mexico) <\/span><\/i><\/span><em><span class=\"NormalTextRun SCXW75762029 BCX8\">\/ <\/span><\/em><span style=\"color: var(--awb-text-color); font-family: var(--awb-text-font-family); font-size: var(--awb-font-size); letter-spacing: var(--awb-letter-spacing); text-align: var(--awb-content-alignment); text-transform: var(--awb-text-transform); background-color: var(--awb-bg-color-hover);\"><i style=\"\"><b style=\"color: var(--awb-custom_color_1);\">Giri\u015fimci, CEO, Centro-i ve UNESCO&#8217;nun Kad\u0131nlar i\u00e7in Etik Yapay Zeka Y\u00f6nlendirme Komitesi \u00dcyesi (Meksika)<\/b><\/i><\/span><\/p>\n<\/div><div class=\"fusion-text fusion-text-2\"><p><b>Elena Estavillo <\/b>leads and is the founder of <b>Centro-i f<\/b>or the Society of the Future (https:\/\/centroi.org), an independent think tank working for a technological future that is ethical, responsible and inclusive. As a commissioner <b>in Federal Institute of Telecommunications,<\/b> the telecoms, internet and media regulator in Mexico, she engaged in the ethical consequences of artificial intelligence and digital technologies, and advocates for multi-stakeholder governance. She currently chairs the Executive Council for the Digital Economy in Mexico. <\/p>\n<p>She led UNESCO\u2019s <b>AI Readiness Assessment <\/b>in Mexico and is a member of Women 4 Ethical Artificial Intelligence, a platform created by <b>UNESCO <\/b>to provide a unique space for global leaders in frontier technologies to combine their strengths and influence to achieve the goal of implementing UNESCO\u2019s Recommendation on the Ethics of Artificial Intelligence with a gender lends. She also contributed to draft UNESCO\u2019s recommendation on the ethics of artificial intelligence. <\/p>\n<p>As an appointed member of the Expert Group for the <b>UN C<\/b>ommission on the Status of Women, she gave advice on innovation and technological change, and education in the digital age for achieving gender equality and the empowerment of all women and girls.<\/p>\n<p>Finalist as Women in AI of the Year in North America 2023, awarded by Women in AI.<\/p>\n<p>She was named <b>Gender Trendsetter 2022-2023<\/b> of the World Summit on the Information Society of the International Telecommunication Union and was also recognized as a 5G Trailblazer by Ericsson. <\/p>\n<p>She is an independent Board Member for <b>Tecnol\u00f3gico de Monterrey<\/b>, Grupo Proa and Derex Desarrollo Residencial. And also serves as board member for the <b>Cyber Policy Dialogue of the Americas, the International Women\u2019s Forum (IWF) <\/b>Mexico chapter, and co-founder of Conectadas (www.conectadas.org), a network of women leaders in the digital ecosystem.<\/p>\n<p>Dr. Elena Estavillo is <b>ALI Harvard Fellow 2023;<\/b> with a Bachelor\u2019s degree in Economics from <b>Tecnol\u00f3gico de Monterrey,<\/b> Mexico; Master in Mathematical Economics and PhD in Economics from the <b>University of Paris<\/b>; with an executive certificate in Management and Leadership from<b> MIT.<\/b><\/p>\n<\/div><div class=\"fusion-separator\" style=\"align-self: flex-start;margin-right:auto;margin-top:20px;margin-bottom:30px;width:100%;max-width:10%;\"><div class=\"fusion-separator-border sep-single sep-solid\" style=\"--awb-height:20px;--awb-amount:20px;--awb-sep-color:var(--awb-custom_color_1);border-color:var(--awb-custom_color_1);border-top-width:7px;\"><\/div><\/div><div class=\"fusion-text fusion-text-3\"><p><b>Elena Estavillo,<\/b> Centro-i for the Society of the Future&#8217;un kurucusu ve lideridir. (https:\/\/centroi.org). Bu ba\u011f\u0131ms\u0131z d\u00fc\u015f\u00fcnce kurulu\u015fu, etik, sorumlu ve kapsay\u0131c\u0131 bir teknolojik gelecek i\u00e7in \u00e7al\u0131\u015fmaktad\u0131r. Meksika&#8217;daki Telekom\u00fcnikasyon Federal Enstit\u00fcs\u00fc&#8217;nde komisyon \u00fcyesi olarak, yapay zek\u00e2 ve dijital teknolojilerin etik sonu\u00e7lar\u0131na odaklanm\u0131\u015f ve \u00e7ok payda\u015fl\u0131 y\u00f6neti\u015fimi savunmu\u015ftur. H\u00e2len Meksika Dijital Ekonomi \u0130cra Konseyi Ba\u015fkanl\u0131\u011f\u0131n\u0131 y\u00fcr\u00fctmektedir.<\/p>\n<p>UNESCO&#8217;nun Meksika&#8217;da ger\u00e7ekle\u015ftirdi\u011fi Yapay Zek\u00e2 Haz\u0131rl\u0131k De\u011ferlendirmesini y\u00f6netmi\u015f olup, UNESCO&#8217;nun Yapay Zek\u00e2n\u0131n Etik \u0130lkeleri Tavsiyesini bir cinsiyet perspektifiyle hayata ge\u00e7irmek amac\u0131yla k\u00fcresel liderlerin bir araya geldi\u011fi Women 4 Ethical Artificial Intelligence (Etik Yapay Zek\u00e2 \u0130\u00e7in Kad\u0131nlar) platformunun \u00fcyesidir. Ayn\u0131 zamanda UNESCO&#8217;nun yapay zek\u00e2 eti\u011fi \u00fczerine tavsiyesinin tasla\u011f\u0131na katk\u0131da bulunmu\u015ftur.<\/p>\n<p>Birle\u015fmi\u015f Milletler Kad\u0131n\u0131n Stat\u00fcs\u00fc Komisyonu\u2019nun Uzman Grubu\u2019na se\u00e7ilmi\u015f bir \u00fcye olarak, toplumsal cinsiyet e\u015fitli\u011fine ula\u015fmak ve t\u00fcm kad\u0131n ve k\u0131z \u00e7ocuklar\u0131n\u0131n g\u00fc\u00e7lenmesi i\u00e7in yenilik, teknolojik de\u011fi\u015fim ve dijital \u00e7a\u011fda e\u011fitim konular\u0131nda dan\u0131\u015fmanl\u0131k yapm\u0131\u015ft\u0131r.<\/p>\n<p>Women in AI taraf\u0131ndan 2023 Kuzey Amerika Y\u0131l\u0131n Kad\u0131n\u0131 Yar\u0131\u015fmas\u0131\u2019nda finalist olmu\u015ftur. Ayr\u0131ca, Uluslararas\u0131 Telekom\u00fcnikasyon Birli\u011fi\u2019nin Bilgi Toplumu D\u00fcnya Zirvesi taraf\u0131ndan 2022-2023 y\u0131llar\u0131 i\u00e7in Toplumsal Cinsiyet Trend Belirleyici olarak adland\u0131r\u0131lm\u0131\u015f ve Ericsson taraf\u0131ndan 5G \u00d6nc\u00fcs\u00fc olarak tan\u0131nm\u0131\u015ft\u0131r.<\/p>\n<p>Tecnol\u00f3gico de Monterrey, Grupo Proa ve Derex Desarrollo Residencial&#8217;de ba\u011f\u0131ms\u0131z Y\u00f6netim Kurulu \u00fcyesidir. Ayr\u0131ca, Amerika K\u0131tas\u0131nda Siber Politika Diyalo\u011fu, Uluslararas\u0131 Kad\u0131nlar Forumu (IWF) Meksika \u015fubesi ve dijital ekosistemde kad\u0131n liderler a\u011f\u0131 olan Conectadas (www.conectadas.org) i\u00e7in y\u00f6netim kurulu \u00fcyesidir.<\/p>\n<p>Dr. Elena Estavillo, 2023 ALI Harvard Fellow\u2019dur; lisans derecesini Meksika&#8217;daki Tecnol\u00f3gico de Monterrey&#8217;den Ekonomi alan\u0131nda, y\u00fcksek lisans\u0131n\u0131 Matematiksel Ekonomi alan\u0131nda, doktoras\u0131n\u0131 ise Paris \u00dcniversitesi&#8217;nden Ekonomi alan\u0131nda alm\u0131\u015ft\u0131r; MIT&#8217;den Y\u00f6netim ve Liderlik alan\u0131nda y\u00fcr\u00fctme sertifikas\u0131na sahiptir.<\/p>\n<\/div><\/div><\/div><\/div><\/div>\n","protected":false},"excerpt":{"rendered":"","protected":false},"author":4,"featured_media":0,"comment_status":"open","ping_status":"open","sticky":false,"template":"","format":"standard","meta":{"footnotes":""},"categories":[30],"tags":[],"class_list":["post-4543","post","type-post","status-publish","format-standard","hentry","category-uncategorized"],"yoast_head":"<!-- This site is optimized with the Yoast SEO plugin v26.6 - https:\/\/yoast.com\/wordpress\/plugins\/seo\/ -->\n<title>Elena Estavillo - Kad\u0131n ve Adalet Zirvesi<\/title>\n<meta name=\"robots\" content=\"index, follow, max-snippet:-1, max-image-preview:large, max-video-preview:-1\" \/>\n<link rel=\"canonical\" href=\"https:\/\/kadinveadaletzirvesi.org\/en\/elena-estavillo\/\" \/>\n<meta property=\"og:locale\" content=\"en_US\" \/>\n<meta property=\"og:type\" content=\"article\" \/>\n<meta property=\"og:title\" content=\"Elena Estavillo - Kad\u0131n ve Adalet Zirvesi\" \/>\n<meta property=\"og:url\" content=\"https:\/\/kadinveadaletzirvesi.org\/en\/elena-estavillo\/\" \/>\n<meta property=\"og:site_name\" content=\"Kad\u0131n ve Adalet Zirvesi\" \/>\n<meta property=\"article:published_time\" content=\"2024-10-18T09:27:01+00:00\" \/>\n<meta property=\"article:modified_time\" content=\"2024-11-07T07:35:11+00:00\" \/>\n<meta name=\"author\" content=\"\u00c7a\u011fla\" \/>\n<meta name=\"twitter:card\" content=\"summary_large_image\" \/>\n<meta name=\"twitter:label1\" content=\"Written by\" \/>\n\t<meta name=\"twitter:data1\" content=\"\u00c7a\u011fla\" \/>\n<script type=\"application\/ld+json\" class=\"yoast-schema-graph\">{\"@context\":\"https:\/\/schema.org\",\"@graph\":[{\"@type\":\"WebPage\",\"@id\":\"https:\/\/kadinveadaletzirvesi.org\/en\/elena-estavillo\/\",\"url\":\"https:\/\/kadinveadaletzirvesi.org\/en\/elena-estavillo\/\",\"name\":\"Elena Estavillo - Kad\u0131n ve Adalet Zirvesi\",\"isPartOf\":{\"@id\":\"https:\/\/kadinveadaletzirvesi.org\/en\/#website\"},\"datePublished\":\"2024-10-18T09:27:01+00:00\",\"dateModified\":\"2024-11-07T07:35:11+00:00\",\"author\":{\"@id\":\"https:\/\/kadinveadaletzirvesi.org\/en\/#\/schema\/person\/33b3ecbf326039c2e067bc8535425556\"},\"breadcrumb\":{\"@id\":\"https:\/\/kadinveadaletzirvesi.org\/en\/elena-estavillo\/#breadcrumb\"},\"inLanguage\":\"en-US\",\"potentialAction\":[{\"@type\":\"ReadAction\",\"target\":[\"https:\/\/kadinveadaletzirvesi.org\/en\/elena-estavillo\/\"]}]},{\"@type\":\"BreadcrumbList\",\"@id\":\"https:\/\/kadinveadaletzirvesi.org\/en\/elena-estavillo\/#breadcrumb\",\"itemListElement\":[{\"@type\":\"ListItem\",\"position\":1,\"name\":\"Anasayfa\",\"item\":\"https:\/\/kadinveadaletzirvesi.org\/en\/\"},{\"@type\":\"ListItem\",\"position\":2,\"name\":\"Elena Estavillo\"}]},{\"@type\":\"WebSite\",\"@id\":\"https:\/\/kadinveadaletzirvesi.org\/en\/#website\",\"url\":\"https:\/\/kadinveadaletzirvesi.org\/en\/\",\"name\":\"Kad\u0131n ve Adalet Zirvesi\",\"description\":\"Ho\u015f Geldiniz\",\"potentialAction\":[{\"@type\":\"SearchAction\",\"target\":{\"@type\":\"EntryPoint\",\"urlTemplate\":\"https:\/\/kadinveadaletzirvesi.org\/en\/?s={search_term_string}\"},\"query-input\":{\"@type\":\"PropertyValueSpecification\",\"valueRequired\":true,\"valueName\":\"search_term_string\"}}],\"inLanguage\":\"en-US\"},{\"@type\":\"Person\",\"@id\":\"https:\/\/kadinveadaletzirvesi.org\/en\/#\/schema\/person\/33b3ecbf326039c2e067bc8535425556\",\"name\":\"\u00c7a\u011fla\",\"image\":{\"@type\":\"ImageObject\",\"inLanguage\":\"en-US\",\"@id\":\"https:\/\/kadinveadaletzirvesi.org\/en\/#\/schema\/person\/image\/\",\"url\":\"https:\/\/secure.gravatar.com\/avatar\/93a36519a80f4d3f5eb0421db44b84b52d6406c76a1ad0aa1973775887bb31cb?s=96&d=mm&r=g\",\"contentUrl\":\"https:\/\/secure.gravatar.com\/avatar\/93a36519a80f4d3f5eb0421db44b84b52d6406c76a1ad0aa1973775887bb31cb?s=96&d=mm&r=g\",\"caption\":\"\u00c7a\u011fla\"},\"url\":\"https:\/\/kadinveadaletzirvesi.org\/en\/author\/cagla\/\"}]}<\/script>\n<!-- \/ Yoast SEO plugin. -->","yoast_head_json":{"title":"Elena Estavillo - Kad\u0131n ve Adalet Zirvesi","robots":{"index":"index","follow":"follow","max-snippet":"max-snippet:-1","max-image-preview":"max-image-preview:large","max-video-preview":"max-video-preview:-1"},"canonical":"https:\/\/kadinveadaletzirvesi.org\/en\/elena-estavillo\/","og_locale":"en_US","og_type":"article","og_title":"Elena Estavillo - Kad\u0131n ve Adalet Zirvesi","og_url":"https:\/\/kadinveadaletzirvesi.org\/en\/elena-estavillo\/","og_site_name":"Kad\u0131n ve Adalet Zirvesi","article_published_time":"2024-10-18T09:27:01+00:00","article_modified_time":"2024-11-07T07:35:11+00:00","author":"\u00c7a\u011fla","twitter_card":"summary_large_image","twitter_misc":{"Written by":"\u00c7a\u011fla"},"schema":{"@context":"https:\/\/schema.org","@graph":[{"@type":"WebPage","@id":"https:\/\/kadinveadaletzirvesi.org\/en\/elena-estavillo\/","url":"https:\/\/kadinveadaletzirvesi.org\/en\/elena-estavillo\/","name":"Elena Estavillo - Kad\u0131n ve Adalet Zirvesi","isPartOf":{"@id":"https:\/\/kadinveadaletzirvesi.org\/en\/#website"},"datePublished":"2024-10-18T09:27:01+00:00","dateModified":"2024-11-07T07:35:11+00:00","author":{"@id":"https:\/\/kadinveadaletzirvesi.org\/en\/#\/schema\/person\/33b3ecbf326039c2e067bc8535425556"},"breadcrumb":{"@id":"https:\/\/kadinveadaletzirvesi.org\/en\/elena-estavillo\/#breadcrumb"},"inLanguage":"en-US","potentialAction":[{"@type":"ReadAction","target":["https:\/\/kadinveadaletzirvesi.org\/en\/elena-estavillo\/"]}]},{"@type":"BreadcrumbList","@id":"https:\/\/kadinveadaletzirvesi.org\/en\/elena-estavillo\/#breadcrumb","itemListElement":[{"@type":"ListItem","position":1,"name":"Anasayfa","item":"https:\/\/kadinveadaletzirvesi.org\/en\/"},{"@type":"ListItem","position":2,"name":"Elena Estavillo"}]},{"@type":"WebSite","@id":"https:\/\/kadinveadaletzirvesi.org\/en\/#website","url":"https:\/\/kadinveadaletzirvesi.org\/en\/","name":"Kad\u0131n ve Adalet Zirvesi","description":"Ho\u015f Geldiniz","potentialAction":[{"@type":"SearchAction","target":{"@type":"EntryPoint","urlTemplate":"https:\/\/kadinveadaletzirvesi.org\/en\/?s={search_term_string}"},"query-input":{"@type":"PropertyValueSpecification","valueRequired":true,"valueName":"search_term_string"}}],"inLanguage":"en-US"},{"@type":"Person","@id":"https:\/\/kadinveadaletzirvesi.org\/en\/#\/schema\/person\/33b3ecbf326039c2e067bc8535425556","name":"\u00c7a\u011fla","image":{"@type":"ImageObject","inLanguage":"en-US","@id":"https:\/\/kadinveadaletzirvesi.org\/en\/#\/schema\/person\/image\/","url":"https:\/\/secure.gravatar.com\/avatar\/93a36519a80f4d3f5eb0421db44b84b52d6406c76a1ad0aa1973775887bb31cb?s=96&d=mm&r=g","contentUrl":"https:\/\/secure.gravatar.com\/avatar\/93a36519a80f4d3f5eb0421db44b84b52d6406c76a1ad0aa1973775887bb31cb?s=96&d=mm&r=g","caption":"\u00c7a\u011fla"},"url":"https:\/\/kadinveadaletzirvesi.org\/en\/author\/cagla\/"}]}},"_links":{"self":[{"href":"https:\/\/kadinveadaletzirvesi.org\/en\/wp-json\/wp\/v2\/posts\/4543","targetHints":{"allow":["GET"]}}],"collection":[{"href":"https:\/\/kadinveadaletzirvesi.org\/en\/wp-json\/wp\/v2\/posts"}],"about":[{"href":"https:\/\/kadinveadaletzirvesi.org\/en\/wp-json\/wp\/v2\/types\/post"}],"author":[{"embeddable":true,"href":"https:\/\/kadinveadaletzirvesi.org\/en\/wp-json\/wp\/v2\/users\/4"}],"replies":[{"embeddable":true,"href":"https:\/\/kadinveadaletzirvesi.org\/en\/wp-json\/wp\/v2\/comments?post=4543"}],"version-history":[{"count":4,"href":"https:\/\/kadinveadaletzirvesi.org\/en\/wp-json\/wp\/v2\/posts\/4543\/revisions"}],"predecessor-version":[{"id":4822,"href":"https:\/\/kadinveadaletzirvesi.org\/en\/wp-json\/wp\/v2\/posts\/4543\/revisions\/4822"}],"wp:attachment":[{"href":"https:\/\/kadinveadaletzirvesi.org\/en\/wp-json\/wp\/v2\/media?parent=4543"}],"wp:term":[{"taxonomy":"category","embeddable":true,"href":"https:\/\/kadinveadaletzirvesi.org\/en\/wp-json\/wp\/v2\/categories?post=4543"},{"taxonomy":"post_tag","embeddable":true,"href":"https:\/\/kadinveadaletzirvesi.org\/en\/wp-json\/wp\/v2\/tags?post=4543"}],"curies":[{"name":"wp","href":"https:\/\/api.w.org\/{rel}","templated":true}]}}